{"id":2024,"date":"2022-02-09T17:28:23","date_gmt":"2022-02-09T17:28:23","guid":{"rendered":"https:\/\/tanzsport-willich.de\/?p=2024"},"modified":"2022-02-09T17:29:18","modified_gmt":"2022-02-09T17:29:18","slug":"getanzt-wird-mit-2g","status":"publish","type":"post","link":"https:\/\/tanzsport-willich.de\/?p=2024","title":{"rendered":"Getanzt wird mit 2G+"},"content":{"rendered":"\n<p>Bis einschlie\u00dflich 6.3.22 wird bei uns mit 2G+ getanzt &#8211; auch f\u00fcr geboosterte. D.h. jeder muss zum Tanzen einen Testnachweis vorlegen, der nicht \u00e4lter als 24 Stunden alt sein darf. Vielen Dank f\u00fcr euer Verst\u00e4ndnis! Bleibt gesund.<\/p>\n","protected":false},"excerpt":{"rendered":"<p>Bis einschlie\u00dflich 6.3.22 wird bei uns mit 2G+ getanzt &#8211; auch f\u00fcr geboosterte. D.h. jeder muss zum Tanzen einen Testnachweis vorlegen, der nicht \u00e4lter als 24 Stunden alt sein darf. Vielen Dank f\u00fcr euer Verst\u00e4ndnis! Bleibt gesund.<\/p>\n","protected":false},"author":1,"featured_media":2026,"comment_status":"closed","ping_status":"closed","sticky":false,"template":"","format":"standard","meta":{"_kad_post_transparent":"","_kad_post_title":"","_kad_post_layout":"","_kad_post_sidebar_id":"","_kad_post_content_style":"","_kad_post_vertical_padding":"","_kad_post_feature":"","_kad_post_feature_position":"","_kad_post_header":false,"_kad_post_footer":false,"footnotes":""},"categories":[47],"tags":[],"_links":{"self":[{"href":"https:\/\/tanzsport-willich.de\/index.php?rest_route=\/wp\/v2\/posts\/2024"}],"collection":[{"href":"https:\/\/tanzsport-willich.de\/index.php?rest_route=\/wp\/v2\/posts"}],"about":[{"href":"https:\/\/tanzsport-willich.de\/index.php?rest_route=\/wp\/v2\/types\/post"}],"author":[{"embeddable":true,"href":"https:\/\/tanzsport-willich.de\/index.php?rest_route=\/wp\/v2\/users\/1"}],"replies":[{"embeddable":true,"href":"https:\/\/tanzsport-willich.de\/index.php?rest_route=%2Fwp%2Fv2%2Fcomments&post=2024"}],"version-history":[{"count":1,"href":"https:\/\/tanzsport-willich.de\/index.php?rest_route=\/wp\/v2\/posts\/2024\/revisions"}],"predecessor-version":[{"id":2025,"href":"https:\/\/tanzsport-willich.de\/index.php?rest_route=\/wp\/v2\/posts\/2024\/revisions\/2025"}],"wp:featuredmedia":[{"embeddable":true,"href":"https:\/\/tanzsport-willich.de\/index.php?rest_route=\/wp\/v2\/media\/2026"}],"wp:attachment":[{"href":"https:\/\/tanzsport-willich.de\/index.php?rest_route=%2Fwp%2Fv2%2Fmedia&parent=2024"}],"wp:term":[{"taxonomy":"category","embeddable":true,"href":"https:\/\/tanzsport-willich.de\/index.php?rest_route=%2Fwp%2Fv2%2Fcategories&post=2024"},{"taxonomy":"post_tag","embeddable":true,"href":"https:\/\/tanzsport-willich.de\/index.php?rest_route=%2Fwp%2Fv2%2Ftags&post=2024"}],"curies":[{"name":"wp","href":"https:\/\/api.w.org\/{rel}","templated":true}]}}