{"id":2416,"date":"2023-11-12T08:05:37","date_gmt":"2023-11-12T08:05:37","guid":{"rendered":"https:\/\/tanzsport-willich.de\/?p=2416"},"modified":"2023-11-12T08:06:59","modified_gmt":"2023-11-12T08:06:59","slug":"besuch-im-landtag","status":"publish","type":"post","link":"https:\/\/tanzsport-willich.de\/?p=2416","title":{"rendered":"Besuch im Landtag"},"content":{"rendered":"\n<p><em><strong>Am 30.10.2023 wurde eine Delegation des DJK-VfL 1919 Willich e.V. von unserem Landtagsabgeordneten Guido G\u00f6rtz im Landtag in D\u00fcsseldorf empfangen. Es war eine interessante Reise durch den Landtag mit Gespr\u00e4chen und Diskussionen. Wir danken Herrn G\u00f6rtz f\u00fcr die Zeit, die er uns gewidmet hat und freuen uns auf ein n\u00e4chstes Mal.<br>Hier ein paar Bilder von unserem Besuch.auch mit unserem Vorsitzenden der CDU-Fraktion Thorsten Schick.<\/strong><\/em><\/p>\n\n\n\n<figure class=\"wp-block-image size-full\"><img loading=\"lazy\" decoding=\"async\" width=\"640\" height=\"518\" src=\"https:\/\/tanzsport-willich.de\/wp-content\/uploads\/2023\/11\/IMG_0166.jpeg\" alt=\"Von li nach re: Guido G\u00f6rtz MdL; Delegation des DJK Vfl 1919 Willich eV mit der 1. Vors. Hannelore Eichholz, Thorsten Schick Vors.d.CDU-Fraktion\" class=\"wp-image-2417\" srcset=\"https:\/\/tanzsport-willich.de\/wp-content\/uploads\/2023\/11\/IMG_0166.jpeg 640w, https:\/\/tanzsport-willich.de\/wp-content\/uploads\/2023\/11\/IMG_0166-300x243.jpeg 300w\" sizes=\"(max-width: 640px) 100vw, 640px\" \/><\/figure>\n\n\n\n<figure class=\"wp-block-image size-full\"><img loading=\"lazy\" decoding=\"async\" width=\"360\" height=\"640\" src=\"https:\/\/tanzsport-willich.de\/wp-content\/uploads\/2023\/11\/IMG_0167.jpeg\" alt=\"\" class=\"wp-image-2418\" srcset=\"https:\/\/tanzsport-willich.de\/wp-content\/uploads\/2023\/11\/IMG_0167.jpeg 360w, https:\/\/tanzsport-willich.de\/wp-content\/uploads\/2023\/11\/IMG_0167-169x300.jpeg 169w\" sizes=\"(max-width: 360px) 100vw, 360px\" \/><\/figure>\n","protected":false},"excerpt":{"rendered":"<p>Am 30.10.2023 wurde eine Delegation des DJK-VfL 1919 Willich e.V. von unserem Landtagsabgeordneten Guido G\u00f6rtz im Landtag in D\u00fcsseldorf empfangen.<\/p>\n","protected":false},"author":1,"featured_media":2418,"comment_status":"closed","ping_status":"closed","sticky":false,"template":"","format":"standard","meta":{"_kad_post_transparent":"","_kad_post_title":"","_kad_post_layout":"","_kad_post_sidebar_id":"","_kad_post_content_style":"","_kad_post_vertical_padding":"","_kad_post_feature":"","_kad_post_feature_position":"","_kad_post_header":false,"_kad_post_footer":false,"footnotes":""},"categories":[47],"tags":[],"_links":{"self":[{"href":"https:\/\/tanzsport-willich.de\/index.php?rest_route=\/wp\/v2\/posts\/2416"}],"collection":[{"href":"https:\/\/tanzsport-willich.de\/index.php?rest_route=\/wp\/v2\/posts"}],"about":[{"href":"https:\/\/tanzsport-willich.de\/index.php?rest_route=\/wp\/v2\/types\/post"}],"author":[{"embeddable":true,"href":"https:\/\/tanzsport-willich.de\/index.php?rest_route=\/wp\/v2\/users\/1"}],"replies":[{"embeddable":true,"href":"https:\/\/tanzsport-willich.de\/index.php?rest_route=%2Fwp%2Fv2%2Fcomments&post=2416"}],"version-history":[{"count":2,"href":"https:\/\/tanzsport-willich.de\/index.php?rest_route=\/wp\/v2\/posts\/2416\/revisions"}],"predecessor-version":[{"id":2420,"href":"https:\/\/tanzsport-willich.de\/index.php?rest_route=\/wp\/v2\/posts\/2416\/revisions\/2420"}],"wp:featuredmedia":[{"embeddable":true,"href":"https:\/\/tanzsport-willich.de\/index.php?rest_route=\/wp\/v2\/media\/2418"}],"wp:attachment":[{"href":"https:\/\/tanzsport-willich.de\/index.php?rest_route=%2Fwp%2Fv2%2Fmedia&parent=2416"}],"wp:term":[{"taxonomy":"category","embeddable":true,"href":"https:\/\/tanzsport-willich.de\/index.php?rest_route=%2Fwp%2Fv2%2Fcategories&post=2416"},{"taxonomy":"post_tag","embeddable":true,"href":"https:\/\/tanzsport-willich.de\/index.php?rest_route=%2Fwp%2Fv2%2Ftags&post=2416"}],"curies":[{"name":"wp","href":"https:\/\/api.w.org\/{rel}","templated":true}]}}